{"id":21792,"date":"2026-04-29T19:15:33","date_gmt":"2026-04-29T10:15:33","guid":{"rendered":"https:\/\/estatal.gov.tl\/?p=21792"},"modified":"2026-04-29T19:15:34","modified_gmt":"2026-04-29T10:15:34","slug":"quarta-feira29-abril-2026-s-e-ministru-mae-tomas-do-rosario-cabral-konvoka-reuniaun-ho-pampaaa-no-diretor-jeral-relevante-sira-iha-mae-hodi-halo-aprezentasaun-materia-avaliasaun-ba-konfirmasaun","status":"publish","type":"post","link":"https:\/\/estatal.gov.tl\/pt\/2026\/04\/29\/quarta-feira29-abril-2026-s-e-ministru-mae-tomas-do-rosario-cabral-konvoka-reuniaun-ho-pampaaa-no-diretor-jeral-relevante-sira-iha-mae-hodi-halo-aprezentasaun-materia-avaliasaun-ba-konfirmasaun\/","title":{"rendered":"Quarta Feira,29 abril 2026- S.E. Ministru MAE Tom\u00e1s do Ros\u00e1rio Cabral konvoka reuniaun ho PAM,PAAA, no Diretor Jeral relevante sira iha MAE , hodi halo aprezentasaun materia avaliasaun ba konfirmasaun rezultadu Avaliasaun Kondisaun M\u00ednima ne&#8217;eb\u00e9 hala&#8217;o ba munisipiu sira."},"content":{"rendered":"\n<p>Iha aprezentasaun, Sua Excia Ministru MAE ko&#8217;alia kona-ba rezumu relatoriu vizita husi Sua Excia Primeiro-ministro ba munisipiu sira. Relatoriu ne\u00e9 inklui informasaun ne&#8217;eb\u00e9 rekolla iha terenu, ho baze ba dialogu neb\u00e9 Xefe Governu no membru ezekutivu hala&#8217;o ho autoridade munisipiu sira.<\/p>\n\n\n\n<p>Intensaun prinsipal husi vizita traballu husi Xefe Governu no komitiva husi Ezekutivu atu halo avaliasaun iha forma global hodi har\u00e9 ba kapasidade funsionamentu Autoridade Munisipal sira, identifika problema komum no reforsa artikulasaun entre nivel sentral ho nivel lokal iha administrasaun p\u00fablika.<\/p>\n\n\n\n<p>Dokumentu ne&#8217;e m\u00f3s foka ba saida mak presiza hadia iha organizasaun administrativa, gestaun finanseira, aprovizionamentu, rekursus humanus no prestasaun servisu p\u00fabliku.<\/p>\n\n\n\n<p>Iha rekomendasaun husi MAE, husu ba munisipiu sira atu aumenta numeru reuniaun regular atu bele hadia kordenasaun no aliniamentu aktividade ne&#8217;eb\u00e9 dezenvolve husi servisu munisip\u00e1l sira. no aumentu prezensa PAM sira iha terenu hodi bele hatene diak liu tan realidade lokal no preokupasaun husi komunidade.<\/p>\n\n\n\n<p>Iha diskusaun ne&#8217;e mos mensiona kona-ba atu reforsa aktividade fiskalizasaun ba ezekusaun programa sira no hadia sistema administrativu tuir orientasaun husi S.E. Primeiro-Ministru, atu jere rekursu p\u00fabliku ho rigor, transperente no sentidu responsabilidade, no evita pr\u00e1tika sira ne&#8217;eb\u00e9 bele kompromete fali administrasaun, liu-liu favoresimentu pesoal no pol\u00edtiku.<\/p>\n\n\n\n<p>Iha materia planeamentu, tuir orientasaun husi Xefe Governu, presiza hatene didiak nesesidade real komunidade nian no prepara resposta ho antesedensia. Governasaun lokal presiza guia husi \u00e9tika, koperasaun institusional no defende interese p\u00fabliku. Iha parte lokraik, DGSMAL ho ekipa hala&#8217;o aprezentasaun kona-ba profile munisipal, portal munisipal husi formatu korespondensia, enkuantu DGDGL ho ekipa aprezenta kona-ba SOP\/TOR no relatoriu servisu delegadu no ikus liu DGTOU, DGDL ho ekipa halo aprezentasaun materia ne&#8217;eb\u00e9 sei apoia munisipiu sira.<\/p>\n\n\n\n<p>#(Medi@Mae_2026)<\/p>\n\n\n<style type=\"text\/css\">\n#foogallery-gallery-21790 .fg-image { width: 270px; }\n#foogallery-gallery-21790 { --fg-gutter: 10px; }<\/style>\n\t\t\t<div class=\"foogallery foogallery-container foogallery-default foogallery-lightbox-foogallery fg-center fg-default fg-ready fg-light fg-shadow-medium fg-loading-default fg-loaded-fade-in fg-preset fg-brad fg-preset-small fg-preset fg-brad fg-preset-small\" id=\"foogallery-gallery-21790\" data-foogallery=\"{&quot;item&quot;:{&quot;showCaptionTitle&quot;:true,&quot;showCaptionDescription&quot;:true},&quot;lazy&quot;:true}\" data-foogallery-lightbox=\"{&quot;thumbs&quot;:&quot;bottom&quot;,&quot;thumbsCaptions&quot;:false,&quot;thumbsBestFit&quot;:false,&quot;thumbsSmall&quot;:false,&quot;thumbsCaptionsAlign&quot;:&quot;default&quot;,&quot;info&quot;:&quot;bottom&quot;,&quot;infoVisible&quot;:true,&quot;infoOverlay&quot;:true,&quot;infoAlign&quot;:&quot;default&quot;,&quot;transition&quot;:&quot;fade&quot;,&quot;hoverButtons&quot;:false,&quot;fitMedia&quot;:false,&quot;noScrollbars&quot;:true,&quot;preserveButtonSpace&quot;:true,&quot;buttons&quot;:{&quot;fullscreen&quot;:true,&quot;info&quot;:true,&quot;thumbs&quot;:false},&quot;video&quot;:{&quot;autoPlay&quot;:true}}\" style=\"--fg-title-line-clamp: 1; --fg-description-line-clamp: 2;\" >\n\t<div class=\"fg-item fg-type-image fg-idle\"><figure class=\"fg-item-inner\"><a href=\"https:\/\/estatal.gov.tl\/wp-content\/uploads\/2026\/04\/WhatsApp-Image-2026-04-29-at-15.22.25.jpeg\" data-attachment-id=\"21781\" data-type=\"image\" class=\"fg-thumb\"><span class=\"fg-image-wrap\"><img fetchpriority=\"high\" decoding=\"async\" width=\"270\" height=\"230\" class=\"skip-lazy fg-image\" data-src-fg=\"https:\/\/estatal.gov.tl\/wp-content\/uploads\/cache\/2026\/04\/WhatsApp-Image-2026-04-29-at-15_22_25\/376938860.jpeg\" src=\"data:image\/svg+xml,%3Csvg%20xmlns%3D%22http%3A%2F%2Fwww.w3.org%2F2000%2Fsvg%22%20width%3D%22270%22%20height%3D%22230%22%20viewBox%3D%220%200%20270%20230%22%3E%3C%2Fsvg%3E\" loading=\"eager\"><\/span><span class=\"fg-image-overlay\"><\/span><\/a><\/figure><div class=\"fg-loader\"><\/div><\/div><div class=\"fg-item fg-type-image fg-idle\"><figure class=\"fg-item-inner\"><a href=\"https:\/\/estatal.gov.tl\/wp-content\/uploads\/2026\/04\/WhatsApp-Image-2026-04-29-at-15.22.26-1.jpeg\" data-attachment-id=\"21782\" data-type=\"image\" class=\"fg-thumb\"><span class=\"fg-image-wrap\"><img decoding=\"async\" width=\"270\" height=\"230\" class=\"skip-lazy fg-image\" data-src-fg=\"https:\/\/estatal.gov.tl\/wp-content\/uploads\/cache\/2026\/04\/WhatsApp-Image-2026-04-29-at-15_22_26-1\/2697267026.jpeg\" src=\"data:image\/svg+xml,%3Csvg%20xmlns%3D%22http%3A%2F%2Fwww.w3.org%2F2000%2Fsvg%22%20width%3D%22270%22%20height%3D%22230%22%20viewBox%3D%220%200%20270%20230%22%3E%3C%2Fsvg%3E\" loading=\"eager\"><\/span><span class=\"fg-image-overlay\"><\/span><\/a><\/figure><div class=\"fg-loader\"><\/div><\/div><div class=\"fg-item fg-type-image fg-idle\"><figure class=\"fg-item-inner\"><a href=\"https:\/\/estatal.gov.tl\/wp-content\/uploads\/2026\/04\/WhatsApp-Image-2026-04-29-at-15.22.26.jpeg\" data-attachment-id=\"21783\" data-type=\"image\" class=\"fg-thumb\"><span class=\"fg-image-wrap\"><img decoding=\"async\" width=\"270\" height=\"230\" class=\"skip-lazy fg-image\" data-src-fg=\"https:\/\/estatal.gov.tl\/wp-content\/uploads\/cache\/2026\/04\/WhatsApp-Image-2026-04-29-at-15_22_26\/1537771586.jpeg\" src=\"data:image\/svg+xml,%3Csvg%20xmlns%3D%22http%3A%2F%2Fwww.w3.org%2F2000%2Fsvg%22%20width%3D%22270%22%20height%3D%22230%22%20viewBox%3D%220%200%20270%20230%22%3E%3C%2Fsvg%3E\" loading=\"eager\"><\/span><span class=\"fg-image-overlay\"><\/span><\/a><\/figure><div class=\"fg-loader\"><\/div><\/div><div class=\"fg-item fg-type-image fg-idle\"><figure class=\"fg-item-inner\"><a href=\"https:\/\/estatal.gov.tl\/wp-content\/uploads\/2026\/04\/WhatsApp-Image-2026-04-29-at-15.22.27.jpeg\" data-attachment-id=\"21784\" data-type=\"image\" class=\"fg-thumb\"><span class=\"fg-image-wrap\"><img decoding=\"async\" width=\"270\" height=\"230\" class=\"skip-lazy fg-image\" data-src-fg=\"https:\/\/estatal.gov.tl\/wp-content\/uploads\/cache\/2026\/04\/WhatsApp-Image-2026-04-29-at-15_22_27\/129248233.jpeg\" src=\"data:image\/svg+xml,%3Csvg%20xmlns%3D%22http%3A%2F%2Fwww.w3.org%2F2000%2Fsvg%22%20width%3D%22270%22%20height%3D%22230%22%20viewBox%3D%220%200%20270%20230%22%3E%3C%2Fsvg%3E\" loading=\"eager\"><\/span><span class=\"fg-image-overlay\"><\/span><\/a><\/figure><div class=\"fg-loader\"><\/div><\/div><div class=\"fg-item fg-type-image fg-idle\"><figure class=\"fg-item-inner\"><a href=\"https:\/\/estatal.gov.tl\/wp-content\/uploads\/2026\/04\/WhatsApp-Image-2026-04-29-at-15.22.30.jpeg\" data-attachment-id=\"21786\" data-type=\"image\" class=\"fg-thumb\"><span class=\"fg-image-wrap\"><img decoding=\"async\" width=\"270\" height=\"230\" class=\"skip-lazy fg-image\" data-src-fg=\"https:\/\/estatal.gov.tl\/wp-content\/uploads\/cache\/2026\/04\/WhatsApp-Image-2026-04-29-at-15_22_30\/4165286133.jpeg\" src=\"data:image\/svg+xml,%3Csvg%20xmlns%3D%22http%3A%2F%2Fwww.w3.org%2F2000%2Fsvg%22%20width%3D%22270%22%20height%3D%22230%22%20viewBox%3D%220%200%20270%20230%22%3E%3C%2Fsvg%3E\" loading=\"eager\"><\/span><span class=\"fg-image-overlay\"><\/span><\/a><\/figure><div class=\"fg-loader\"><\/div><\/div><div class=\"fg-item fg-type-image fg-idle\"><figure class=\"fg-item-inner\"><a href=\"https:\/\/estatal.gov.tl\/wp-content\/uploads\/2026\/04\/WhatsApp-Image-2026-04-29-at-15.22.29.jpeg\" data-attachment-id=\"21785\" data-type=\"image\" class=\"fg-thumb\"><span class=\"fg-image-wrap\"><img decoding=\"async\" width=\"270\" height=\"230\" class=\"skip-lazy fg-image\" data-src-fg=\"https:\/\/estatal.gov.tl\/wp-content\/uploads\/cache\/2026\/04\/WhatsApp-Image-2026-04-29-at-15_22_29\/417823150.jpeg\" src=\"data:image\/svg+xml,%3Csvg%20xmlns%3D%22http%3A%2F%2Fwww.w3.org%2F2000%2Fsvg%22%20width%3D%22270%22%20height%3D%22230%22%20viewBox%3D%220%200%20270%20230%22%3E%3C%2Fsvg%3E\" loading=\"eager\"><\/span><span class=\"fg-image-overlay\"><\/span><\/a><\/figure><div class=\"fg-loader\"><\/div><\/div><div class=\"fg-item fg-type-image fg-idle\"><figure class=\"fg-item-inner\"><a href=\"https:\/\/estatal.gov.tl\/wp-content\/uploads\/2026\/04\/685934749_122281315208033433_3314056909218124569_n.jpg\" data-attachment-id=\"21777\" data-type=\"image\" class=\"fg-thumb\"><span class=\"fg-image-wrap\"><img decoding=\"async\" width=\"270\" height=\"230\" class=\"skip-lazy fg-image\" data-src-fg=\"https:\/\/estatal.gov.tl\/wp-content\/uploads\/cache\/2026\/04\/685934749_122281315208033433_3314056909218124569_n\/79427683.jpg\" src=\"data:image\/svg+xml,%3Csvg%20xmlns%3D%22http%3A%2F%2Fwww.w3.org%2F2000%2Fsvg%22%20width%3D%22270%22%20height%3D%22230%22%20viewBox%3D%220%200%20270%20230%22%3E%3C%2Fsvg%3E\" loading=\"eager\"><\/span><span class=\"fg-image-overlay\"><\/span><\/a><\/figure><div class=\"fg-loader\"><\/div><\/div><div class=\"fg-item fg-type-image fg-idle\"><figure class=\"fg-item-inner\"><a href=\"https:\/\/estatal.gov.tl\/wp-content\/uploads\/2026\/04\/WhatsApp-Image-2026-04-29-at-15.11.32.jpeg\" data-attachment-id=\"21778\" data-type=\"image\" class=\"fg-thumb\"><span class=\"fg-image-wrap\"><img decoding=\"async\" width=\"270\" height=\"230\" class=\"skip-lazy fg-image\" data-src-fg=\"https:\/\/estatal.gov.tl\/wp-content\/uploads\/cache\/2026\/04\/WhatsApp-Image-2026-04-29-at-15_11_32\/4194528244.jpeg\" src=\"data:image\/svg+xml,%3Csvg%20xmlns%3D%22http%3A%2F%2Fwww.w3.org%2F2000%2Fsvg%22%20width%3D%22270%22%20height%3D%22230%22%20viewBox%3D%220%200%20270%20230%22%3E%3C%2Fsvg%3E\" loading=\"eager\"><\/span><span class=\"fg-image-overlay\"><\/span><\/a><\/figure><div class=\"fg-loader\"><\/div><\/div><div class=\"fg-item fg-type-image fg-idle\"><figure class=\"fg-item-inner\"><a href=\"https:\/\/estatal.gov.tl\/wp-content\/uploads\/2026\/04\/685146110_122281314722033433_2478252493183744660_n.jpg\" data-attachment-id=\"21775\" data-type=\"image\" class=\"fg-thumb\"><span class=\"fg-image-wrap\"><img decoding=\"async\" width=\"270\" height=\"230\" class=\"skip-lazy fg-image\" data-src-fg=\"https:\/\/estatal.gov.tl\/wp-content\/uploads\/cache\/2026\/04\/685146110_122281314722033433_2478252493183744660_n\/1494480162.jpg\" src=\"data:image\/svg+xml,%3Csvg%20xmlns%3D%22http%3A%2F%2Fwww.w3.org%2F2000%2Fsvg%22%20width%3D%22270%22%20height%3D%22230%22%20viewBox%3D%220%200%20270%20230%22%3E%3C%2Fsvg%3E\" loading=\"eager\"><\/span><span class=\"fg-image-overlay\"><\/span><\/a><\/figure><div class=\"fg-loader\"><\/div><\/div><div class=\"fg-item fg-type-image fg-idle\"><figure class=\"fg-item-inner\"><a href=\"https:\/\/estatal.gov.tl\/wp-content\/uploads\/2026\/04\/685789052_122281314680033433_5157811956628207943_n.jpg\" data-attachment-id=\"21776\" data-type=\"image\" class=\"fg-thumb\"><span class=\"fg-image-wrap\"><img decoding=\"async\" width=\"270\" height=\"230\" class=\"skip-lazy fg-image\" data-src-fg=\"https:\/\/estatal.gov.tl\/wp-content\/uploads\/cache\/2026\/04\/685789052_122281314680033433_5157811956628207943_n\/1040617602.jpg\" src=\"data:image\/svg+xml,%3Csvg%20xmlns%3D%22http%3A%2F%2Fwww.w3.org%2F2000%2Fsvg%22%20width%3D%22270%22%20height%3D%22230%22%20viewBox%3D%220%200%20270%20230%22%3E%3C%2Fsvg%3E\" loading=\"eager\"><\/span><span class=\"fg-image-overlay\"><\/span><\/a><\/figure><div class=\"fg-loader\"><\/div><\/div><div class=\"fg-item fg-type-image fg-idle\"><figure class=\"fg-item-inner\"><a href=\"https:\/\/estatal.gov.tl\/wp-content\/uploads\/2026\/04\/684860598_122281315298033433_1144742452033325502_n.jpg\" data-attachment-id=\"21774\" data-type=\"image\" class=\"fg-thumb\"><span class=\"fg-image-wrap\"><img decoding=\"async\" width=\"270\" height=\"230\" class=\"skip-lazy fg-image\" data-src-fg=\"https:\/\/estatal.gov.tl\/wp-content\/uploads\/cache\/2026\/04\/684860598_122281315298033433_1144742452033325502_n\/3623930416.jpg\" src=\"data:image\/svg+xml,%3Csvg%20xmlns%3D%22http%3A%2F%2Fwww.w3.org%2F2000%2Fsvg%22%20width%3D%22270%22%20height%3D%22230%22%20viewBox%3D%220%200%20270%20230%22%3E%3C%2Fsvg%3E\" loading=\"eager\"><\/span><span class=\"fg-image-overlay\"><\/span><\/a><\/figure><div class=\"fg-loader\"><\/div><\/div><div class=\"fg-item fg-type-image fg-idle\"><figure class=\"fg-item-inner\"><a href=\"https:\/\/estatal.gov.tl\/wp-content\/uploads\/2026\/04\/WhatsApp-Image-2026-04-29-at-15.11.34.jpeg\" data-attachment-id=\"21780\" data-type=\"image\" class=\"fg-thumb\"><span class=\"fg-image-wrap\"><img decoding=\"async\" width=\"270\" height=\"230\" class=\"skip-lazy fg-image\" data-src-fg=\"https:\/\/estatal.gov.tl\/wp-content\/uploads\/cache\/2026\/04\/WhatsApp-Image-2026-04-29-at-15_11_34\/4077644282.jpeg\" src=\"data:image\/svg+xml,%3Csvg%20xmlns%3D%22http%3A%2F%2Fwww.w3.org%2F2000%2Fsvg%22%20width%3D%22270%22%20height%3D%22230%22%20viewBox%3D%220%200%20270%20230%22%3E%3C%2Fsvg%3E\" loading=\"eager\"><\/span><span class=\"fg-image-overlay\"><\/span><\/a><\/figure><div class=\"fg-loader\"><\/div><\/div><div class=\"fg-item fg-type-image fg-idle\"><figure class=\"fg-item-inner\"><a href=\"https:\/\/estatal.gov.tl\/wp-content\/uploads\/2026\/04\/WhatsApp-Image-2026-04-29-at-15.11.33.jpeg\" data-attachment-id=\"21779\" data-type=\"image\" class=\"fg-thumb\"><span class=\"fg-image-wrap\"><img decoding=\"async\" width=\"270\" height=\"230\" class=\"skip-lazy fg-image\" data-src-fg=\"https:\/\/estatal.gov.tl\/wp-content\/uploads\/cache\/2026\/04\/WhatsApp-Image-2026-04-29-at-15_11_33\/988411490.jpeg\" src=\"data:image\/svg+xml,%3Csvg%20xmlns%3D%22http%3A%2F%2Fwww.w3.org%2F2000%2Fsvg%22%20width%3D%22270%22%20height%3D%22230%22%20viewBox%3D%220%200%20270%20230%22%3E%3C%2Fsvg%3E\" loading=\"eager\"><\/span><span class=\"fg-image-overlay\"><\/span><\/a><\/figure><div class=\"fg-loader\"><\/div><\/div><div class=\"fg-item fg-type-image fg-idle\"><figure class=\"fg-item-inner\"><a href=\"https:\/\/estatal.gov.tl\/wp-content\/uploads\/2026\/04\/683277932_122281314848033433_6869241068717292759_n.jpg\" data-attachment-id=\"21771\" data-type=\"image\" class=\"fg-thumb\"><span class=\"fg-image-wrap\"><img decoding=\"async\" width=\"270\" height=\"230\" class=\"skip-lazy fg-image\" data-src-fg=\"https:\/\/estatal.gov.tl\/wp-content\/uploads\/cache\/2026\/04\/683277932_122281314848033433_6869241068717292759_n\/3477250753.jpg\" src=\"data:image\/svg+xml,%3Csvg%20xmlns%3D%22http%3A%2F%2Fwww.w3.org%2F2000%2Fsvg%22%20width%3D%22270%22%20height%3D%22230%22%20viewBox%3D%220%200%20270%20230%22%3E%3C%2Fsvg%3E\" loading=\"eager\"><\/span><span class=\"fg-image-overlay\"><\/span><\/a><\/figure><div class=\"fg-loader\"><\/div><\/div><div class=\"fg-item fg-type-image fg-idle\"><figure class=\"fg-item-inner\"><a href=\"https:\/\/estatal.gov.tl\/wp-content\/uploads\/2026\/04\/683593047_122281315136033433_4989081572025870196_n.jpg\" data-attachment-id=\"21773\" data-type=\"image\" class=\"fg-thumb\"><span class=\"fg-image-wrap\"><img decoding=\"async\" width=\"270\" height=\"230\" class=\"skip-lazy fg-image\" data-src-fg=\"https:\/\/estatal.gov.tl\/wp-content\/uploads\/cache\/2026\/04\/683593047_122281315136033433_4989081572025870196_n\/1527430208.jpg\" src=\"data:image\/svg+xml,%3Csvg%20xmlns%3D%22http%3A%2F%2Fwww.w3.org%2F2000%2Fsvg%22%20width%3D%22270%22%20height%3D%22230%22%20viewBox%3D%220%200%20270%20230%22%3E%3C%2Fsvg%3E\" loading=\"eager\"><\/span><span class=\"fg-image-overlay\"><\/span><\/a><\/figure><div class=\"fg-loader\"><\/div><\/div><\/div>\n","protected":false},"excerpt":{"rendered":"<p>Iha aprezentasaun, Sua Excia Ministru MAE ko&#8217;alia kona-ba rezumu relatoriu vizita husi Sua Excia Primeiro-ministro ba munisipiu sira. Relatoriu ne\u00e9 inklui informasaun ne&#8217;eb\u00e9 rekolla iha terenu, ho baze ba dialogu neb\u00e9 Xefe Governu no membru ezekutivu hala&#8217;o ho autoridade munisipiu sira. Intensaun prinsipal husi vizita traballu husi Xefe Governu no komitiva husi Ezekutivu atu halo [&hellip;]<\/p>\n","protected":false},"author":4,"featured_media":0,"comment_status":"open","ping_status":"open","sticky":false,"template":"","format":"standard","meta":{"footnotes":""},"categories":[1],"tags":[],"class_list":["post-21792","post","type-post","status-publish","format-standard","hentry","category-uncategorized"],"translation":{"provider":"WPGlobus","version":"3.0.0","language":"pt","enabled_languages":["tm","pt","en"],"languages":{"tm":{"title":true,"content":true,"excerpt":false},"pt":{"title":false,"content":false,"excerpt":false},"en":{"title":false,"content":false,"excerpt":false}}},"yoast_head":"<!-- This site is optimized with the Yoast SEO plugin v26.5 - https:\/\/yoast.com\/wordpress\/plugins\/seo\/ -->\n<title>Quarta Feira,29 abril 2026- S.E. Ministru MAE Tom\u00e1s do Ros\u00e1rio Cabral konvoka reuniaun ho PAM,PAAA, no Diretor Jeral relevante sira iha MAE , hodi halo aprezentasaun materia avaliasaun ba konfirmasaun rezultadu Avaliasaun Kondisaun M\u00ednima ne&#039;eb\u00e9 hala&#039;o ba munisipiu sira. - Minist\u00e9rio da Administra\u00e7\u00e3o Estatal<\/title>\n<meta name=\"robots\" content=\"index, follow, max-snippet:-1, max-image-preview:large, max-video-preview:-1\" \/>\n<link rel=\"canonical\" href=\"https:\/\/estatal.gov.tl\/2026\/04\/29\/quarta-feira29-abril-2026-s-e-ministru-mae-tomas-do-rosario-cabral-konvoka-reuniaun-ho-pampaaa-no-diretor-jeral-relevante-sira-iha-mae-hodi-halo-aprezentasaun-materia-avaliasaun-ba-konfirmasaun\/\" \/>\n<meta property=\"og:locale\" content=\"pt_PT\" \/>\n<meta property=\"og:type\" content=\"article\" \/>\n<meta property=\"og:title\" content=\"Quarta Feira,29 abril 2026- S.E. Ministru MAE Tom\u00e1s do Ros\u00e1rio Cabral konvoka reuniaun ho PAM,PAAA, no Diretor Jeral relevante sira iha MAE , hodi halo aprezentasaun materia avaliasaun ba konfirmasaun rezultadu Avaliasaun Kondisaun M\u00ednima ne&#039;eb\u00e9 hala&#039;o ba munisipiu sira. - Minist\u00e9rio da Administra\u00e7\u00e3o Estatal\" \/>\n<meta property=\"og:url\" content=\"https:\/\/estatal.gov.tl\/2026\/04\/29\/quarta-feira29-abril-2026-s-e-ministru-mae-tomas-do-rosario-cabral-konvoka-reuniaun-ho-pampaaa-no-diretor-jeral-relevante-sira-iha-mae-hodi-halo-aprezentasaun-materia-avaliasaun-ba-konfirmasaun\/\" \/>\n<meta property=\"og:site_name\" content=\"Minist\u00e9rio da Administra\u00e7\u00e3o Estatal\" \/>\n<meta property=\"article:published_time\" content=\"2026-04-29T10:15:33+00:00\" \/>\n<meta property=\"article:modified_time\" content=\"2026-04-29T10:15:34+00:00\" \/>\n<meta property=\"og:image\" content=\"https:\/\/estatal.gov.tl\/wp-content\/uploads\/2025\/07\/edificio_mae.jpg\" \/>\n\t<meta property=\"og:image:width\" content=\"2048\" \/>\n\t<meta property=\"og:image:height\" content=\"1182\" \/>\n\t<meta property=\"og:image:type\" content=\"image\/jpeg\" \/>\n<meta name=\"author\" content=\"Nilton Lay\" \/>\n<meta name=\"twitter:card\" content=\"summary_large_image\" \/>\n<meta name=\"twitter:label1\" content=\"Written by\" \/>\n\t<meta name=\"twitter:data1\" content=\"Nilton Lay\" \/>\n\t<meta name=\"twitter:label2\" content=\"Est. reading time\" \/>\n\t<meta name=\"twitter:data2\" content=\"2 minutes\" \/>\n<script type=\"application\/ld+json\" class=\"yoast-schema-graph\">{\"@context\":\"https:\/\/schema.org\",\"@graph\":[{\"@type\":\"Article\",\"@id\":\"https:\/\/estatal.gov.tl\/2026\/04\/29\/quarta-feira29-abril-2026-s-e-ministru-mae-tomas-do-rosario-cabral-konvoka-reuniaun-ho-pampaaa-no-diretor-jeral-relevante-sira-iha-mae-hodi-halo-aprezentasaun-materia-avaliasaun-ba-konfirmasaun\/#article\",\"isPartOf\":{\"@id\":\"https:\/\/estatal.gov.tl\/2026\/04\/29\/quarta-feira29-abril-2026-s-e-ministru-mae-tomas-do-rosario-cabral-konvoka-reuniaun-ho-pampaaa-no-diretor-jeral-relevante-sira-iha-mae-hodi-halo-aprezentasaun-materia-avaliasaun-ba-konfirmasaun\/\"},\"author\":{\"name\":\"Nilton Lay\",\"@id\":\"https:\/\/estatal.gov.tl\/pt\/#\/schema\/person\/ea956951718abc453e9046e42980345f\"},\"headline\":\"Quarta Feira,29 abril 2026- S.E. Ministru MAE Tom\u00e1s do Ros\u00e1rio Cabral konvoka reuniaun ho PAM,PAAA, no Diretor Jeral relevante sira iha MAE , hodi halo aprezentasaun materia avaliasaun ba konfirmasaun rezultadu Avaliasaun Kondisaun M\u00ednima ne&#8217;eb\u00e9 hala&#8217;o ba munisipiu sira.\",\"datePublished\":\"2026-04-29T10:15:33+00:00\",\"dateModified\":\"2026-04-29T10:15:34+00:00\",\"mainEntityOfPage\":{\"@id\":\"https:\/\/estatal.gov.tl\/2026\/04\/29\/quarta-feira29-abril-2026-s-e-ministru-mae-tomas-do-rosario-cabral-konvoka-reuniaun-ho-pampaaa-no-diretor-jeral-relevante-sira-iha-mae-hodi-halo-aprezentasaun-materia-avaliasaun-ba-konfirmasaun\/\"},\"wordCount\":335,\"commentCount\":0,\"publisher\":{\"@id\":\"https:\/\/estatal.gov.tl\/pt\/#organization\"},\"articleSection\":[\"Sem categoria\"],\"inLanguage\":\"pt-PT\",\"potentialAction\":[{\"@type\":\"CommentAction\",\"name\":\"Comment\",\"target\":[\"https:\/\/estatal.gov.tl\/2026\/04\/29\/quarta-feira29-abril-2026-s-e-ministru-mae-tomas-do-rosario-cabral-konvoka-reuniaun-ho-pampaaa-no-diretor-jeral-relevante-sira-iha-mae-hodi-halo-aprezentasaun-materia-avaliasaun-ba-konfirmasaun\/#respond\"]}]},{\"@type\":\"WebPage\",\"@id\":\"https:\/\/estatal.gov.tl\/2026\/04\/29\/quarta-feira29-abril-2026-s-e-ministru-mae-tomas-do-rosario-cabral-konvoka-reuniaun-ho-pampaaa-no-diretor-jeral-relevante-sira-iha-mae-hodi-halo-aprezentasaun-materia-avaliasaun-ba-konfirmasaun\/\",\"url\":\"https:\/\/estatal.gov.tl\/2026\/04\/29\/quarta-feira29-abril-2026-s-e-ministru-mae-tomas-do-rosario-cabral-konvoka-reuniaun-ho-pampaaa-no-diretor-jeral-relevante-sira-iha-mae-hodi-halo-aprezentasaun-materia-avaliasaun-ba-konfirmasaun\/\",\"name\":\"Quarta Feira,29 abril 2026- S.E. Ministru MAE Tom\u00e1s do Ros\u00e1rio Cabral konvoka reuniaun ho PAM,PAAA, no Diretor Jeral relevante sira iha MAE , hodi halo aprezentasaun materia avaliasaun ba konfirmasaun rezultadu Avaliasaun Kondisaun M\u00ednima ne'eb\u00e9 hala'o ba munisipiu sira. - Minist\u00e9rio da Administra\u00e7\u00e3o Estatal\",\"isPartOf\":{\"@id\":\"https:\/\/estatal.gov.tl\/pt\/#website\"},\"datePublished\":\"2026-04-29T10:15:33+00:00\",\"dateModified\":\"2026-04-29T10:15:34+00:00\",\"breadcrumb\":{\"@id\":\"https:\/\/estatal.gov.tl\/2026\/04\/29\/quarta-feira29-abril-2026-s-e-ministru-mae-tomas-do-rosario-cabral-konvoka-reuniaun-ho-pampaaa-no-diretor-jeral-relevante-sira-iha-mae-hodi-halo-aprezentasaun-materia-avaliasaun-ba-konfirmasaun\/#breadcrumb\"},\"inLanguage\":\"pt-PT\",\"potentialAction\":[{\"@type\":\"ReadAction\",\"target\":[\"https:\/\/estatal.gov.tl\/2026\/04\/29\/quarta-feira29-abril-2026-s-e-ministru-mae-tomas-do-rosario-cabral-konvoka-reuniaun-ho-pampaaa-no-diretor-jeral-relevante-sira-iha-mae-hodi-halo-aprezentasaun-materia-avaliasaun-ba-konfirmasaun\/\"]}]},{\"@type\":\"BreadcrumbList\",\"@id\":\"https:\/\/estatal.gov.tl\/2026\/04\/29\/quarta-feira29-abril-2026-s-e-ministru-mae-tomas-do-rosario-cabral-konvoka-reuniaun-ho-pampaaa-no-diretor-jeral-relevante-sira-iha-mae-hodi-halo-aprezentasaun-materia-avaliasaun-ba-konfirmasaun\/#breadcrumb\",\"itemListElement\":[{\"@type\":\"ListItem\",\"position\":1,\"name\":\"Home\",\"item\":\"https:\/\/estatal.gov.tl\/pt\/\"},{\"@type\":\"ListItem\",\"position\":2,\"name\":\"Quarta Feira,29 abril 2026- S.E. Ministru MAE Tom\u00e1s do Ros\u00e1rio Cabral konvoka reuniaun ho PAM,PAAA, no Diretor Jeral relevante sira iha MAE , hodi halo aprezentasaun materia avaliasaun ba konfirmasaun rezultadu Avaliasaun Kondisaun M\u00ednima ne&#8217;eb\u00e9 hala&#8217;o ba munisipiu sira.\"}]},{\"@type\":\"WebSite\",\"@id\":\"https:\/\/estatal.gov.tl\/pt\/#website\",\"url\":\"https:\/\/estatal.gov.tl\/pt\/\",\"name\":\"{:tm}Minist\u00e9riu Administrasaun Estatal{:}{:pt}Minist\u00e9rio da Administra\u00e7\u00e3o Estatal{:}{:en}Ministry of State Administration{:}\",\"description\":\"Minist\u00e9rio da Administra\u00e7\u00e3o Estatal\",\"publisher\":{\"@id\":\"https:\/\/estatal.gov.tl\/pt\/#organization\"},\"potentialAction\":[{\"@type\":\"SearchAction\",\"target\":{\"@type\":\"EntryPoint\",\"urlTemplate\":\"https:\/\/estatal.gov.tl\/pt\/?s={search_term_string}\"},\"query-input\":{\"@type\":\"PropertyValueSpecification\",\"valueRequired\":true,\"valueName\":\"search_term_string\"}}],\"inLanguage\":\"pt-PT\"},{\"@type\":\"Organization\",\"@id\":\"https:\/\/estatal.gov.tl\/pt\/#organization\",\"name\":\"{:tm}Minist\u00e9riu Administrasaun Estatal{:}{:pt}Minist\u00e9rio da Administra\u00e7\u00e3o Estatal{:}{:en}Ministry of State Administration{:}\",\"url\":\"https:\/\/estatal.gov.tl\/pt\/\",\"logo\":{\"@type\":\"ImageObject\",\"inLanguage\":\"pt-PT\",\"@id\":\"https:\/\/estatal.gov.tl\/pt\/#\/schema\/logo\/image\/\",\"url\":\"https:\/\/estatal.gov.tl\/wp-content\/uploads\/2024\/09\/logo-municipality-1.png\",\"contentUrl\":\"https:\/\/estatal.gov.tl\/wp-content\/uploads\/2024\/09\/logo-municipality-1.png\",\"width\":250,\"height\":228,\"caption\":\"{:tm}Minist\u00e9riu Administrasaun Estatal{:}{:pt}Minist\u00e9rio da Administra\u00e7\u00e3o Estatal{:}{:en}Ministry of State Administration{:}\"},\"image\":{\"@id\":\"https:\/\/estatal.gov.tl\/pt\/#\/schema\/logo\/image\/\"}},{\"@type\":\"Person\",\"@id\":\"https:\/\/estatal.gov.tl\/pt\/#\/schema\/person\/ea956951718abc453e9046e42980345f\",\"name\":\"Nilton Lay\",\"image\":{\"@type\":\"ImageObject\",\"inLanguage\":\"pt-PT\",\"@id\":\"https:\/\/estatal.gov.tl\/pt\/#\/schema\/person\/image\/\",\"url\":\"https:\/\/secure.gravatar.com\/avatar\/658e1dbd8d980271d674ecf3c7d91f95ffeae0e1ffff17cff239f2a9af622d83?s=96&d=mm&r=g\",\"contentUrl\":\"https:\/\/secure.gravatar.com\/avatar\/658e1dbd8d980271d674ecf3c7d91f95ffeae0e1ffff17cff239f2a9af622d83?s=96&d=mm&r=g\",\"caption\":\"Nilton Lay\"},\"url\":\"https:\/\/estatal.gov.tl\/pt\/author\/nilton_lay\/\"}]}<\/script>\n<!-- \/ Yoast SEO plugin. -->","yoast_head_json":{"title":"Quarta Feira,29 abril 2026- S.E. Ministru MAE Tom\u00e1s do Ros\u00e1rio Cabral konvoka reuniaun ho PAM,PAAA, no Diretor Jeral relevante sira iha MAE , hodi halo aprezentasaun materia avaliasaun ba konfirmasaun rezultadu Avaliasaun Kondisaun M\u00ednima ne'eb\u00e9 hala'o ba munisipiu sira. - Minist\u00e9rio da Administra\u00e7\u00e3o Estatal","robots":{"index":"index","follow":"follow","max-snippet":"max-snippet:-1","max-image-preview":"max-image-preview:large","max-video-preview":"max-video-preview:-1"},"canonical":"https:\/\/estatal.gov.tl\/2026\/04\/29\/quarta-feira29-abril-2026-s-e-ministru-mae-tomas-do-rosario-cabral-konvoka-reuniaun-ho-pampaaa-no-diretor-jeral-relevante-sira-iha-mae-hodi-halo-aprezentasaun-materia-avaliasaun-ba-konfirmasaun\/","og_locale":"pt_PT","og_type":"article","og_title":"Quarta Feira,29 abril 2026- S.E. Ministru MAE Tom\u00e1s do Ros\u00e1rio Cabral konvoka reuniaun ho PAM,PAAA, no Diretor Jeral relevante sira iha MAE , hodi halo aprezentasaun materia avaliasaun ba konfirmasaun rezultadu Avaliasaun Kondisaun M\u00ednima ne'eb\u00e9 hala'o ba munisipiu sira. - Minist\u00e9rio da Administra\u00e7\u00e3o Estatal","og_url":"https:\/\/estatal.gov.tl\/2026\/04\/29\/quarta-feira29-abril-2026-s-e-ministru-mae-tomas-do-rosario-cabral-konvoka-reuniaun-ho-pampaaa-no-diretor-jeral-relevante-sira-iha-mae-hodi-halo-aprezentasaun-materia-avaliasaun-ba-konfirmasaun\/","og_site_name":"Minist\u00e9rio da Administra\u00e7\u00e3o Estatal","article_published_time":"2026-04-29T10:15:33+00:00","article_modified_time":"2026-04-29T10:15:34+00:00","og_image":[{"width":2048,"height":1182,"url":"https:\/\/estatal.gov.tl\/wp-content\/uploads\/2025\/07\/edificio_mae.jpg","type":"image\/jpeg"}],"author":"Nilton Lay","twitter_card":"summary_large_image","twitter_misc":{"Written by":"Nilton Lay","Est. reading time":"2 minutes"},"schema":{"@context":"https:\/\/schema.org","@graph":[{"@type":"Article","@id":"https:\/\/estatal.gov.tl\/2026\/04\/29\/quarta-feira29-abril-2026-s-e-ministru-mae-tomas-do-rosario-cabral-konvoka-reuniaun-ho-pampaaa-no-diretor-jeral-relevante-sira-iha-mae-hodi-halo-aprezentasaun-materia-avaliasaun-ba-konfirmasaun\/#article","isPartOf":{"@id":"https:\/\/estatal.gov.tl\/2026\/04\/29\/quarta-feira29-abril-2026-s-e-ministru-mae-tomas-do-rosario-cabral-konvoka-reuniaun-ho-pampaaa-no-diretor-jeral-relevante-sira-iha-mae-hodi-halo-aprezentasaun-materia-avaliasaun-ba-konfirmasaun\/"},"author":{"name":"Nilton Lay","@id":"https:\/\/estatal.gov.tl\/pt\/#\/schema\/person\/ea956951718abc453e9046e42980345f"},"headline":"Quarta Feira,29 abril 2026- S.E. Ministru MAE Tom\u00e1s do Ros\u00e1rio Cabral konvoka reuniaun ho PAM,PAAA, no Diretor Jeral relevante sira iha MAE , hodi halo aprezentasaun materia avaliasaun ba konfirmasaun rezultadu Avaliasaun Kondisaun M\u00ednima ne&#8217;eb\u00e9 hala&#8217;o ba munisipiu sira.","datePublished":"2026-04-29T10:15:33+00:00","dateModified":"2026-04-29T10:15:34+00:00","mainEntityOfPage":{"@id":"https:\/\/estatal.gov.tl\/2026\/04\/29\/quarta-feira29-abril-2026-s-e-ministru-mae-tomas-do-rosario-cabral-konvoka-reuniaun-ho-pampaaa-no-diretor-jeral-relevante-sira-iha-mae-hodi-halo-aprezentasaun-materia-avaliasaun-ba-konfirmasaun\/"},"wordCount":335,"commentCount":0,"publisher":{"@id":"https:\/\/estatal.gov.tl\/pt\/#organization"},"articleSection":["Sem categoria"],"inLanguage":"pt-PT","potentialAction":[{"@type":"CommentAction","name":"Comment","target":["https:\/\/estatal.gov.tl\/2026\/04\/29\/quarta-feira29-abril-2026-s-e-ministru-mae-tomas-do-rosario-cabral-konvoka-reuniaun-ho-pampaaa-no-diretor-jeral-relevante-sira-iha-mae-hodi-halo-aprezentasaun-materia-avaliasaun-ba-konfirmasaun\/#respond"]}]},{"@type":"WebPage","@id":"https:\/\/estatal.gov.tl\/2026\/04\/29\/quarta-feira29-abril-2026-s-e-ministru-mae-tomas-do-rosario-cabral-konvoka-reuniaun-ho-pampaaa-no-diretor-jeral-relevante-sira-iha-mae-hodi-halo-aprezentasaun-materia-avaliasaun-ba-konfirmasaun\/","url":"https:\/\/estatal.gov.tl\/2026\/04\/29\/quarta-feira29-abril-2026-s-e-ministru-mae-tomas-do-rosario-cabral-konvoka-reuniaun-ho-pampaaa-no-diretor-jeral-relevante-sira-iha-mae-hodi-halo-aprezentasaun-materia-avaliasaun-ba-konfirmasaun\/","name":"Quarta Feira,29 abril 2026- S.E. Ministru MAE Tom\u00e1s do Ros\u00e1rio Cabral konvoka reuniaun ho PAM,PAAA, no Diretor Jeral relevante sira iha MAE , hodi halo aprezentasaun materia avaliasaun ba konfirmasaun rezultadu Avaliasaun Kondisaun M\u00ednima ne'eb\u00e9 hala'o ba munisipiu sira. - Minist\u00e9rio da Administra\u00e7\u00e3o Estatal","isPartOf":{"@id":"https:\/\/estatal.gov.tl\/pt\/#website"},"datePublished":"2026-04-29T10:15:33+00:00","dateModified":"2026-04-29T10:15:34+00:00","breadcrumb":{"@id":"https:\/\/estatal.gov.tl\/2026\/04\/29\/quarta-feira29-abril-2026-s-e-ministru-mae-tomas-do-rosario-cabral-konvoka-reuniaun-ho-pampaaa-no-diretor-jeral-relevante-sira-iha-mae-hodi-halo-aprezentasaun-materia-avaliasaun-ba-konfirmasaun\/#breadcrumb"},"inLanguage":"pt-PT","potentialAction":[{"@type":"ReadAction","target":["https:\/\/estatal.gov.tl\/2026\/04\/29\/quarta-feira29-abril-2026-s-e-ministru-mae-tomas-do-rosario-cabral-konvoka-reuniaun-ho-pampaaa-no-diretor-jeral-relevante-sira-iha-mae-hodi-halo-aprezentasaun-materia-avaliasaun-ba-konfirmasaun\/"]}]},{"@type":"BreadcrumbList","@id":"https:\/\/estatal.gov.tl\/2026\/04\/29\/quarta-feira29-abril-2026-s-e-ministru-mae-tomas-do-rosario-cabral-konvoka-reuniaun-ho-pampaaa-no-diretor-jeral-relevante-sira-iha-mae-hodi-halo-aprezentasaun-materia-avaliasaun-ba-konfirmasaun\/#breadcrumb","itemListElement":[{"@type":"ListItem","position":1,"name":"Home","item":"https:\/\/estatal.gov.tl\/pt\/"},{"@type":"ListItem","position":2,"name":"Quarta Feira,29 abril 2026- S.E. Ministru MAE Tom\u00e1s do Ros\u00e1rio Cabral konvoka reuniaun ho PAM,PAAA, no Diretor Jeral relevante sira iha MAE , hodi halo aprezentasaun materia avaliasaun ba konfirmasaun rezultadu Avaliasaun Kondisaun M\u00ednima ne&#8217;eb\u00e9 hala&#8217;o ba munisipiu sira."}]},{"@type":"WebSite","@id":"https:\/\/estatal.gov.tl\/pt\/#website","url":"https:\/\/estatal.gov.tl\/pt\/","name":"{:tm}Minist\u00e9riu Administrasaun Estatal{:}{:pt}Minist\u00e9rio da Administra\u00e7\u00e3o Estatal{:}{:en}Ministry of State Administration{:}","description":"Minist\u00e9rio da Administra\u00e7\u00e3o Estatal","publisher":{"@id":"https:\/\/estatal.gov.tl\/pt\/#organization"},"potentialAction":[{"@type":"SearchAction","target":{"@type":"EntryPoint","urlTemplate":"https:\/\/estatal.gov.tl\/pt\/?s={search_term_string}"},"query-input":{"@type":"PropertyValueSpecification","valueRequired":true,"valueName":"search_term_string"}}],"inLanguage":"pt-PT"},{"@type":"Organization","@id":"https:\/\/estatal.gov.tl\/pt\/#organization","name":"{:tm}Minist\u00e9riu Administrasaun Estatal{:}{:pt}Minist\u00e9rio da Administra\u00e7\u00e3o Estatal{:}{:en}Ministry of State Administration{:}","url":"https:\/\/estatal.gov.tl\/pt\/","logo":{"@type":"ImageObject","inLanguage":"pt-PT","@id":"https:\/\/estatal.gov.tl\/pt\/#\/schema\/logo\/image\/","url":"https:\/\/estatal.gov.tl\/wp-content\/uploads\/2024\/09\/logo-municipality-1.png","contentUrl":"https:\/\/estatal.gov.tl\/wp-content\/uploads\/2024\/09\/logo-municipality-1.png","width":250,"height":228,"caption":"{:tm}Minist\u00e9riu Administrasaun Estatal{:}{:pt}Minist\u00e9rio da Administra\u00e7\u00e3o Estatal{:}{:en}Ministry of State Administration{:}"},"image":{"@id":"https:\/\/estatal.gov.tl\/pt\/#\/schema\/logo\/image\/"}},{"@type":"Person","@id":"https:\/\/estatal.gov.tl\/pt\/#\/schema\/person\/ea956951718abc453e9046e42980345f","name":"Nilton Lay","image":{"@type":"ImageObject","inLanguage":"pt-PT","@id":"https:\/\/estatal.gov.tl\/pt\/#\/schema\/person\/image\/","url":"https:\/\/secure.gravatar.com\/avatar\/658e1dbd8d980271d674ecf3c7d91f95ffeae0e1ffff17cff239f2a9af622d83?s=96&d=mm&r=g","contentUrl":"https:\/\/secure.gravatar.com\/avatar\/658e1dbd8d980271d674ecf3c7d91f95ffeae0e1ffff17cff239f2a9af622d83?s=96&d=mm&r=g","caption":"Nilton Lay"},"url":"https:\/\/estatal.gov.tl\/pt\/author\/nilton_lay\/"}]}},"_links":{"self":[{"href":"https:\/\/estatal.gov.tl\/pt\/wp-json\/wp\/v2\/posts\/21792","targetHints":{"allow":["GET"]}}],"collection":[{"href":"https:\/\/estatal.gov.tl\/pt\/wp-json\/wp\/v2\/posts"}],"about":[{"href":"https:\/\/estatal.gov.tl\/pt\/wp-json\/wp\/v2\/types\/post"}],"author":[{"embeddable":true,"href":"https:\/\/estatal.gov.tl\/pt\/wp-json\/wp\/v2\/users\/4"}],"replies":[{"embeddable":true,"href":"https:\/\/estatal.gov.tl\/pt\/wp-json\/wp\/v2\/comments?post=21792"}],"version-history":[{"count":1,"href":"https:\/\/estatal.gov.tl\/pt\/wp-json\/wp\/v2\/posts\/21792\/revisions"}],"predecessor-version":[{"id":21793,"href":"https:\/\/estatal.gov.tl\/pt\/wp-json\/wp\/v2\/posts\/21792\/revisions\/21793"}],"wp:attachment":[{"href":"https:\/\/estatal.gov.tl\/pt\/wp-json\/wp\/v2\/media?parent=21792"}],"wp:term":[{"taxonomy":"category","embeddable":true,"href":"https:\/\/estatal.gov.tl\/pt\/wp-json\/wp\/v2\/categories?post=21792"},{"taxonomy":"post_tag","embeddable":true,"href":"https:\/\/estatal.gov.tl\/pt\/wp-json\/wp\/v2\/tags?post=21792"}],"curies":[{"name":"wp","href":"https:\/\/api.w.org\/{rel}","templated":true}]}}